{"id":5254,"date":"2016-03-07T21:38:26","date_gmt":"2016-03-07T20:38:26","guid":{"rendered":"http:\/\/mtag.sk\/sk\/a-szuloi-szovetseg-sztrajkeszultsegre-szolit-fel\/"},"modified":"2016-03-07T22:10:19","modified_gmt":"2016-03-07T21:10:19","slug":"zdruzenie-rodicov-podporuje-strajkovu-pohotovost","status":"publish","type":"post","link":"https:\/\/mtag.sk\/sk\/zdruzenie-rodicov-podporuje-strajkovu-pohotovost\/","title":{"rendered":"Zdru\u017eenie rodi\u010dov podporuje \u0161trajkov\u00fa pohotovos\u0165!"},"content":{"rendered":"<h2>Do \u0161trajku na podporu u\u010dite\u013eov sa zapojili rodi\u010dia det\u00ed z viac ako 15 \u0161k\u00f4l<\/h2>\n<p>Podporu u\u010dite\u013eom svojim u\u017e tret\u00edm \u0161trajkom dnes vyjadrili rodi\u010dia z viac ako 15 \u0161k\u00f4l v Bratislave a v okol\u00ed. Pr\u00e1zdne a polopr\u00e1zdne zostali mnoh\u00e9 triedy v Spojenej \u0161kole Novohradsk\u00e1, na gymn\u00e1zi\u00e1ch na Grosslingovej a Dunajskej ulici, ale aj na z\u00e1kladn\u00fdch \u0161kol\u00e1ch na \u017delezni\u010dnej ulici v Bratislave a v Tom\u00e1\u0161ove. V men\u0161\u00edch po\u010dtoch sa \u0161trajk dotkol napr\u00edklad z\u00e1kladn\u00fdch \u0161k\u00f4l na Tom\u00e1\u0161ikovej ulici a v Z\u00e1horskej Bystrici.<\/p>\n<p><em>\u201cZa tri t\u00fd\u017edne sa na\u0161a iniciat\u00edva na podporu u\u010dite\u013eov roz\u0161\u00edrila na nieko\u013eko tis\u00edc rod\u00edn. Pre na\u0161e deti chceme kvalitn\u00e9 \u0161kolstvo a pre pedag\u00f3gov primeran\u00e9 podmienky a tvoriv\u00e9 prostredie. V\u00e1\u017eime si anga\u017eovanos\u0165 v\u0161etk\u00fdch, ako aj v\u00fddr\u017e u\u010dite\u013eov,\u201d<\/em> povedal hovorca iniciat\u00edvy rodi\u010dov Zelen\u00e1 stu\u017eka \u0160tefan Dob\u00e1k.<\/p>\n<p>Mnoh\u00e9 z det\u00ed rodi\u010dia nenechali doma, ale poslali ich na vysok\u00e9 \u0161koly. \u017diaci a stredo\u0161kol\u00e1ci zaplnili semin\u00e1rne a predn\u00e1\u0161kov\u00e9 miestnosti na Vysokej \u0161kole m\u00fazick\u00fdch umen\u00ed, na Vysokej \u0161kole v\u00fdtvarn\u00fdch umen\u00ed a na fakult\u00e1ch Univerzity Komensk\u00e9ho (Pr\u00edrodovedeckej a Filozofickej fakulte, ako aj Fakulte matematiky, fyziky a informatiky). V\u010faka ochote vysoko\u0161kolsk\u00fdch pedag\u00f3gov a \u0161tudentov sa mohli deti sam\u00e9 presved\u010di\u0165, ako \u0161tuduj\u00fa bud\u00faci b\u00e1bkoherci, film\u00e1ri, hudobn\u00edci, v\u00fdtvarn\u00edci, architekti, ale aj pr\u00edrodovedci, matematici, fyzici, informatici a \u0161tudenti filozofie.<\/p>\n<p>Iniciat\u00edva Zelen\u00e1 stu\u017eka m\u00e1 eminentn\u00fd z\u00e1ujem o to, aby sa zodpovedn\u00ed venovali po\u017eiadavk\u00e1m u\u010dite\u013eov. Preto sa v utorok obr\u00e1tila na predsedov v\u0161etk\u00fdch politick\u00fdch str\u00e1n s v\u00fdzvou, aby sa jasne vyjadrili, kedy za\u010dn\u00fa kon\u0161trukt\u00edvne rokova\u0165 s u\u010dite\u013emi o ich po\u017eiadavk\u00e1ch. Za prv\u00e9 tri dni Iniciat\u00edva obdr\u017eala odpove\u010f od SMK-MKP a Sie\u0165 (v tomto porad\u00ed doru\u010denia). Reakcie str\u00e1n iniciat\u00edva zverej\u0148uje priebe\u017ene na svojej internetovej str\u00e1nke <a href=\"http:\/\/zelenastuzka.sk\/index.php\/sk\/53-odpovede-stran-na-otvoreny-list-z-1-3\">www.zelenastuzka.sk <\/a><\/p>\n<p><em>\u201cNa sneme iniciat\u00edv sme sa dohodli na transform\u00e1cii na\u0161ich aktiv\u00edt. Spolu s u\u010dite\u013emi region\u00e1lnych a vysok\u00fdch \u0161k\u00f4l a \u0161tudentmi prech\u00e1dzame od pondelka 7. marca do \u0161trajkovej pohotovosti. T\u00fdmto krokom sa v\u0161etko len za\u010d\u00edna. Spojili sme sa, aby sme mohli pozornej\u0161ie sledova\u0165, ako bude nov\u00e1 vl\u00e1da rie\u0161i\u0165 probl\u00e9my \u0161kolstva. Ako rodi\u010dia budeme trva\u0165 na tom, aby boli opatrenia systematick\u00e9 a pre u\u010dite\u013eov motivuj\u00face. To je minim\u00e1lny \u0161tandard, ktor\u00fd by mal \u0161t\u00e1t zabezpe\u010di\u0165 nielen pre na\u0161e deti,\u201d<\/em> dodal hovorca iniciat\u00edvy Zelen\u00e1 stu\u017eka, \u0160tefan Dob\u00e1k.<\/p>\n<p><strong>V ktor\u00fdch \u0161kol\u00e1ch ch\u00fdbalo najviac det\u00ed kv\u00f4li \u0161trajku rodi\u010dov:<\/strong><\/p>\n<p>Spojen\u00e1 \u0161kola Novohradsk\u00e1, BA <strong>808<\/strong> z 1201<\/p>\n<p>Z\u00e1kladn\u00e1 \u0161kola a Gymn\u00e1zium Dunajsk\u00e1, BA <strong>370<\/strong>\u00a0z 397<\/p>\n<p>Gymn\u00e1zium Grosslingova, BA <strong>340<\/strong> z 580<\/p>\n<p>Z\u00e1kladn\u00e1 \u0161kola \u017delezni\u010dn\u00e1, BA <strong>208<\/strong> z 523<\/p>\n<p>Z\u00e1kladn\u00e1 \u0161kola Tom\u00e1\u0161ov <strong>96<\/strong> z 97<\/p>\n<p>&nbsp;<\/p>\n","protected":false},"excerpt":{"rendered":"<p>Do \u0161trajku na podporu u\u010dite\u013eov sa zapojili rodi\u010dia det\u00ed z viac ako 15 \u0161k\u00f4l Podporu u\u010dite\u013eom svojim u\u017e tret\u00edm \u0161trajkom dnes vyjadrili rodi\u010dia z viac ako 15 \u0161k\u00f4l v Bratislave a v okol\u00ed. Pr\u00e1zdne a polopr\u00e1zdne zostali mnoh\u00e9 triedy v Spojenej \u0161kole Novohradsk\u00e1, na gymn\u00e1zi\u00e1ch na Grosslingovej a Dunajskej ulici, ale aj na z\u00e1kladn\u00fdch \u0161kol\u00e1ch &hellip;<\/p>\n","protected":false},"author":1,"featured_media":5251,"comment_status":"closed","ping_status":"open","sticky":false,"template":"","format":"standard","meta":[],"categories":[],"tags":[],"amp_enabled":true,"_links":{"self":[{"href":"https:\/\/mtag.sk\/sk\/wp-json\/wp\/v2\/posts\/5254"}],"collection":[{"href":"https:\/\/mtag.sk\/sk\/wp-json\/wp\/v2\/posts"}],"about":[{"href":"https:\/\/mtag.sk\/sk\/wp-json\/wp\/v2\/types\/post"}],"author":[{"embeddable":true,"href":"https:\/\/mtag.sk\/sk\/wp-json\/wp\/v2\/users\/1"}],"replies":[{"embeddable":true,"href":"https:\/\/mtag.sk\/sk\/wp-json\/wp\/v2\/comments?post=5254"}],"version-history":[{"count":0,"href":"https:\/\/mtag.sk\/sk\/wp-json\/wp\/v2\/posts\/5254\/revisions"}],"wp:featuredmedia":[{"embeddable":true,"href":"https:\/\/mtag.sk\/sk\/wp-json\/wp\/v2\/media\/5251"}],"wp:attachment":[{"href":"https:\/\/mtag.sk\/sk\/wp-json\/wp\/v2\/media?parent=5254"}],"wp:term":[{"taxonomy":"category","embeddable":true,"href":"https:\/\/mtag.sk\/sk\/wp-json\/wp\/v2\/categories?post=5254"},{"taxonomy":"post_tag","embeddable":true,"href":"https:\/\/mtag.sk\/sk\/wp-json\/wp\/v2\/tags?post=5254"}],"curies":[{"name":"wp","href":"https:\/\/api.w.org\/{rel}","templated":true}]}}