{"id":29441,"date":"2025-08-21T12:49:35","date_gmt":"2025-08-21T10:49:35","guid":{"rendered":"https:\/\/mtag.sk\/?p=29441"},"modified":"2025-08-21T12:49:37","modified_gmt":"2025-08-21T10:49:37","slug":"slavnostne-otvorenie-skolskeho-roka-3","status":"publish","type":"post","link":"https:\/\/mtag.sk\/sk\/slavnostne-otvorenie-skolskeho-roka-3\/","title":{"rendered":"Sl\u00e1vnostn\u00e9 otvorenie \u0161kolsk\u00e9ho roka"},"content":{"rendered":"\n<p style=\"text-align: center;\">Oznamujem na\u0161im \u017eiakom a ich rodi\u010dom, \u017ee sl\u00e1vnostn\u00e9 otvorenie nov\u00e9ho \u0161kolsk\u00e9ho roka sa za\u010d\u00edna<\/p>\n<p style=\"text-align: center;\"><strong>1. septembra 2025 o\u00a09.00<\/strong> hodine na \u0161kolskom dvore.<\/p>\n","protected":false},"excerpt":{"rendered":"<p>Oznamujem na\u0161im \u017eiakom a ich rodi\u010dom, \u017ee sl\u00e1vnostn\u00e9 otvorenie nov\u00e9ho \u0161kolsk\u00e9ho roka sa za\u010d\u00edna 1. septembra 2025 o\u00a09.00 hodine na \u0161kolskom dvore.<\/p>\n","protected":false},"author":18,"featured_media":16712,"comment_status":"closed","ping_status":"open","sticky":false,"template":"","format":"standard","meta":[],"categories":[32],"tags":[],"amp_enabled":true,"_links":{"self":[{"href":"https:\/\/mtag.sk\/sk\/wp-json\/wp\/v2\/posts\/29441"}],"collection":[{"href":"https:\/\/mtag.sk\/sk\/wp-json\/wp\/v2\/posts"}],"about":[{"href":"https:\/\/mtag.sk\/sk\/wp-json\/wp\/v2\/types\/post"}],"author":[{"embeddable":true,"href":"https:\/\/mtag.sk\/sk\/wp-json\/wp\/v2\/users\/18"}],"replies":[{"embeddable":true,"href":"https:\/\/mtag.sk\/sk\/wp-json\/wp\/v2\/comments?post=29441"}],"version-history":[{"count":0,"href":"https:\/\/mtag.sk\/sk\/wp-json\/wp\/v2\/posts\/29441\/revisions"}],"wp:featuredmedia":[{"embeddable":true,"href":"https:\/\/mtag.sk\/sk\/wp-json\/wp\/v2\/media\/16712"}],"wp:attachment":[{"href":"https:\/\/mtag.sk\/sk\/wp-json\/wp\/v2\/media?parent=29441"}],"wp:term":[{"taxonomy":"category","embeddable":true,"href":"https:\/\/mtag.sk\/sk\/wp-json\/wp\/v2\/categories?post=29441"},{"taxonomy":"post_tag","embeddable":true,"href":"https:\/\/mtag.sk\/sk\/wp-json\/wp\/v2\/tags?post=29441"}],"curies":[{"name":"wp","href":"https:\/\/api.w.org\/{rel}","templated":true}]}}