{"id":12980,"date":"2020-03-08T18:01:09","date_gmt":"2020-03-08T17:01:09","guid":{"rendered":"http:\/\/mtag.sk\/az-iskola-zarva\/"},"modified":"2020-03-08T18:28:09","modified_gmt":"2020-03-08T17:28:09","slug":"skola-zatvorena","status":"publish","type":"post","link":"https:\/\/mtag.sk\/sk\/skola-zatvorena\/","title":{"rendered":"\u0160kola zatvoren\u00e1!"},"content":{"rendered":"\n<p> <strong><em>\u201eZa posledn\u00e9 dni sa n\u00e1m ozvali riaditelia \u0161k\u00f4l, \u017ee maj\u00fa  \u017eiakov, ktor\u00ed pri\u0161li do priameho kontaktu s\u00a0infikovan\u00fdmi. Preto sme sa  v\u00a0spolupr\u00e1ci s\u00a0riadite\u013emi stredn\u00fdch \u0161k\u00f4l v\u00a0zria\u010fovate\u013eskej p\u00f4sobnosti  BSK rozhodli preru\u0161i\u0165 vyu\u010dovanie na v\u0161etk\u00fdch stredn\u00fdch \u0161kol\u00e1ch v  Bratislavskom kraji.\u201c<\/em><\/strong>  Vyu\u010dovanie bude preru\u0161en\u00e9 od  pondelka 9. do piatku 13.\u00a0marca. Zatvoren\u00e9 bud\u00fa nielen stredn\u00e9 \u0161koly aj  plav\u00e1rne Na P\u00e1ntoch, na Drie\u0148ovej a na Tom\u00e1\u0161ikovej. Preru\u0161enie  vyu\u010dovania sa t\u00fdka aj v\u0161etk\u00fdch osemro\u010dn\u00fdch gymn\u00e1zi\u00ed, aj z\u00e1kladn\u00fdch \u0161k\u00f4l  na Dunajskej a\u00a0Teplickej. Z\u0160 v\u00a0Malinove zost\u00e1va otvoren\u00e1. \u017dupa zatv\u00e1ra  stredn\u00fa odborn\u00fa \u0161kolu v\u00a0Malinove. D\u00f4vodom je, \u017ee najm\u00e4 fakt, \u017ee ve\u013ek\u00e9  mno\u017estvo \u017eiakov na stredn\u00fdch \u0161kol\u00e1ch v\u00a0na\u0161om kraji poch\u00e1dza z\u00a0okresu  Malacky, kde u\u017e bol potvrden\u00fd v\u00fdskyt koronav\u00edrusu. \u017dupa apeluje na  zamestn\u00e1vate\u013eov, ak je to mo\u017en\u00e9, aby dali aspo\u0148 jedn\u00e9mu z\u00a0rodi\u010dov home  office.<\/p>\n\n\n\n<p>Viac info:  <a rel=\"noreferrer noopener\" aria-label=\"http:\/\/www.bratislavskykraj.sk\/koronavirus (opens in a new tab)\" href=\"http:\/\/www.bratislavskykraj.sk\/koronavirus\" target=\"_blank\">http:\/\/www.bratislavskykraj.sk\/koronavirus<\/a><\/p>\n\n\n\n<figure class=\"wp-block-embed-facebook wp-block-embed is-type-video is-provider-facebook\"><div class=\"wp-block-embed__wrapper\">\n<div id=\"fb-root\"><\/div><script async=\"1\" defer=\"1\" crossorigin=\"anonymous\" src=\"https:\/\/connect.facebook.net\/sk_SK\/sdk.js#xfbml=1&amp;version=v6.0\"><\/script><div class=\"fb-video\" data-href=\"https:\/\/www.facebook.com\/bratislavskykraj.sk\/videos\/134043701348128\/\" data-width=\"500\"><blockquote cite=\"https:\/\/www.facebook.com\/bratislavskykraj.sk\/videos\/134043701348128\/\" class=\"fb-xfbml-parse-ignore\"><a href=\"https:\/\/www.facebook.com\/bratislavskykraj.sk\/videos\/134043701348128\/\"><\/a><p>LIVE\u2757\ufe0fKORONAV\u00cdRUS: Z prevent\u00edvnych d\u00f4vodov preru\u0161ujeme vyu\u010dovanie na stredn\u00fdch \u0161kol\u00e1ch v celom kraji.<\/p>Uverejnil pou\u017e\u00edvate\u013e <a href=\"https:\/\/www.facebook.com\/bratislavskykraj.sk\/\">Bratislavsk\u00fd kraj<\/a> Nede\u013ea 8. marca 2020<\/blockquote><\/div>\n<\/div><\/figure>\n","protected":false},"excerpt":{"rendered":"<p>A tan\u00edt\u00e1s sz\u00fcnetel 2020. m\u00e1rcius 9-t\u0151l (h\u00e9tf\u0151) eg\u00e9szen 2020. m\u00e1rcius 13-ig (p\u00e9ntek). <\/p>\n","protected":false},"author":1,"featured_media":12981,"comment_status":"closed","ping_status":"open","sticky":false,"template":"","format":"standard","meta":[],"categories":[32],"tags":[],"amp_enabled":true,"_links":{"self":[{"href":"https:\/\/mtag.sk\/sk\/wp-json\/wp\/v2\/posts\/12980"}],"collection":[{"href":"https:\/\/mtag.sk\/sk\/wp-json\/wp\/v2\/posts"}],"about":[{"href":"https:\/\/mtag.sk\/sk\/wp-json\/wp\/v2\/types\/post"}],"author":[{"embeddable":true,"href":"https:\/\/mtag.sk\/sk\/wp-json\/wp\/v2\/users\/1"}],"replies":[{"embeddable":true,"href":"https:\/\/mtag.sk\/sk\/wp-json\/wp\/v2\/comments?post=12980"}],"version-history":[{"count":0,"href":"https:\/\/mtag.sk\/sk\/wp-json\/wp\/v2\/posts\/12980\/revisions"}],"wp:featuredmedia":[{"embeddable":true,"href":"https:\/\/mtag.sk\/sk\/wp-json\/wp\/v2\/media\/12981"}],"wp:attachment":[{"href":"https:\/\/mtag.sk\/sk\/wp-json\/wp\/v2\/media?parent=12980"}],"wp:term":[{"taxonomy":"category","embeddable":true,"href":"https:\/\/mtag.sk\/sk\/wp-json\/wp\/v2\/categories?post=12980"},{"taxonomy":"post_tag","embeddable":true,"href":"https:\/\/mtag.sk\/sk\/wp-json\/wp\/v2\/tags?post=12980"}],"curies":[{"name":"wp","href":"https:\/\/api.w.org\/{rel}","templated":true}]}}