{"id":10030,"date":"2019-06-04T15:29:30","date_gmt":"2019-06-04T13:29:30","guid":{"rendered":"http:\/\/mtag.sk\/oznamenie-o-vyhlaseni-obchodnej-verejnej-sutaze\/"},"modified":"2019-06-04T15:30:55","modified_gmt":"2019-06-04T13:30:55","slug":"oznamenie-o-vyhlaseni-obchodnej-verejnej-sutaze","status":"publish","type":"post","link":"https:\/\/mtag.sk\/sk\/oznamenie-o-vyhlaseni-obchodnej-verejnej-sutaze\/","title":{"rendered":"Ozn\u00e1menie o vyhl\u00e1sen\u00ed obchodnej verejnej s\u00fa\u0165a\u017ee"},"content":{"rendered":"<p class=\"fivo-docs-none-found\">No attachments were found.<\/p>\n","protected":false},"excerpt":{"rendered":"","protected":false},"author":1,"featured_media":0,"comment_status":"closed","ping_status":"open","sticky":false,"template":"","format":"standard","meta":[],"categories":[114],"tags":[],"amp_enabled":true,"_links":{"self":[{"href":"https:\/\/mtag.sk\/sk\/wp-json\/wp\/v2\/posts\/10030"}],"collection":[{"href":"https:\/\/mtag.sk\/sk\/wp-json\/wp\/v2\/posts"}],"about":[{"href":"https:\/\/mtag.sk\/sk\/wp-json\/wp\/v2\/types\/post"}],"author":[{"embeddable":true,"href":"https:\/\/mtag.sk\/sk\/wp-json\/wp\/v2\/users\/1"}],"replies":[{"embeddable":true,"href":"https:\/\/mtag.sk\/sk\/wp-json\/wp\/v2\/comments?post=10030"}],"version-history":[{"count":0,"href":"https:\/\/mtag.sk\/sk\/wp-json\/wp\/v2\/posts\/10030\/revisions"}],"wp:attachment":[{"href":"https:\/\/mtag.sk\/sk\/wp-json\/wp\/v2\/media?parent=10030"}],"wp:term":[{"taxonomy":"category","embeddable":true,"href":"https:\/\/mtag.sk\/sk\/wp-json\/wp\/v2\/categories?post=10030"},{"taxonomy":"post_tag","embeddable":true,"href":"https:\/\/mtag.sk\/sk\/wp-json\/wp\/v2\/tags?post=10030"}],"curies":[{"name":"wp","href":"https:\/\/api.w.org\/{rel}","templated":true}]}}